{"id":20926,"date":"2026-04-30T17:33:17","date_gmt":"2026-04-30T20:33:17","guid":{"rendered":"https:\/\/www.sanmiguelarcangel.cl\/wpsma\/?p=20926"},"modified":"2026-04-30T17:47:09","modified_gmt":"2026-04-30T20:47:09","slug":"clasificados-music-fest-2026","status":"publish","type":"post","link":"https:\/\/www.sanmiguelarcangel.cl\/wpsma\/clasificados-music-fest-2026\/","title":{"rendered":"Clasificados Music Fest 2026"},"content":{"rendered":"\t\t<div data-elementor-type=\"wp-post\" data-elementor-id=\"20926\" class=\"elementor elementor-20926\">\n\t\t\t\t<div class=\"elementor-element elementor-element-add1515 e-flex e-con-boxed e-con e-parent\" data-id=\"add1515\" data-element_type=\"container\" data-e-type=\"container\">\n\t\t\t\t\t<div class=\"e-con-inner\">\n\t\t\t\t<div class=\"elementor-element elementor-element-b3a6b04 elementor-widget elementor-widget-text-editor\" data-id=\"b3a6b04\" data-element_type=\"widget\" data-e-type=\"widget\" data-widget_type=\"text-editor.default\">\n\t\t\t\t<div class=\"elementor-widget-container\">\n\t\t\t\t\t\t\t\t\t<p><span style=\"font-weight: 400;\">Con mucha alegr\u00eda, comunicamos los seleccionados para la versi\u00f3n 2026 del Music Fest SMA, el que se realizar\u00e1 el viernes 15 de mayo, de 18:30 a\u00a0 22:00 horas.\u00a0<\/span><\/p><p><b>Categor\u00eda 1 &#8211; 1\u00b0 a 4\u00b0 B\u00e1sico<\/b><\/p><ul><li><span style=\"font-weight: 400;\">Vasco Frederick (2\u00b0 A)<\/span><\/li><li><span style=\"font-weight: 400;\">Elena Rogat (3\u00b0 B)<\/span><\/li><li><span style=\"font-weight: 400;\">Filippa Di Cola Schnake \/ Isidora Fern\u00e1ndez (4\u00b0 B)<\/span><\/li><\/ul><p><b>Categor\u00eda 2 &#8211; 5\u00b0 a 7\u00b0 B\u00e1sico<\/b><\/p><ul><li><span style=\"font-weight: 400;\">Julieta Frederick (5\u00b0 A)\u00a0<\/span><\/li><li><span style=\"font-weight: 400;\">Mar\u00eda Erenchun \/ Asunci\u00f3n Vergara (5\u00b0 B)<\/span><\/li><li><span style=\"font-weight: 400;\">Borja Irrar\u00e1zabal \/Manuel Araos \/ Diego \u00c1lvarez (7\u00b0 A\/7\u00b0 B)<\/span><\/li><\/ul><p><b>Categor\u00eda 3 &#8211; 8\u00b0 B\u00e1sico a IV Medio<\/b><\/p><ul><li><span style=\"font-weight: 400;\">Amparo Leighton (8\u00b0 B)<\/span><\/li><li><span style=\"font-weight: 400;\">Jos\u00e9 Tom\u00e1s Ulloa \/ Sof\u00eda Ituriaga \/ Jos\u00e9 Miguel Ulloa \/ Santiago Iturriaga \/ Salvador Donoso (IV A \/ IV B \/ 3\u00b0 A \/ 2\u00b0 B)<\/span><\/li><li><span style=\"font-weight: 400;\">Maria Ignacia Garc\u00eda Tagle (IV A)<\/span><\/li><\/ul><p><span style=\"font-weight: 400;\">Agradecemos por su inter\u00e9s y participaci\u00f3n a todos quienes se presentaron en las audiciones este a\u00f1o.\u00a0<\/span><\/p>\t\t\t\t\t\t\t\t<\/div>\n\t\t\t\t<\/div>\n\t\t\t\t\t<\/div>\n\t\t\t\t<\/div>\n\t\t\t\t<\/div>\n\t\t","protected":false},"excerpt":{"rendered":"<p>Con mucha alegr\u00eda, comunicamos los seleccionados para la versi\u00f3n 2026 del Music Fest SMA, el que se realizar\u00e1 el viernes 15 de mayo, de 18:30 a\u00a0 22:00 horas.\u00a0 Categor\u00eda 1 &#8211; 1\u00b0 a 4\u00b0 B\u00e1sico Vasco Frederick (2\u00b0 A) Elena Rogat (3\u00b0 B) Filippa Di Cola Schnake \/ Isidora Fern\u00e1ndez (4\u00b0 B) Categor\u00eda 2 &#8211;&#8230;<\/p>\n","protected":false},"author":2,"featured_media":20931,"comment_status":"open","ping_status":"open","sticky":false,"template":"","format":"standard","meta":{"_kadence_starter_templates_imported_post":false,"_kad_post_transparent":"","_kad_post_title":"","_kad_post_layout":"","_kad_post_sidebar_id":"","_kad_post_content_style":"","_kad_post_vertical_padding":"","_kad_post_feature":"","_kad_post_feature_position":"","_kad_post_header":false,"_kad_post_footer":false,"_kad_post_classname":"","footnotes":""},"categories":[10],"tags":[],"class_list":["post-20926","post","type-post","status-publish","format-standard","has-post-thumbnail","hentry","category-noticias"],"_links":{"self":[{"href":"https:\/\/www.sanmiguelarcangel.cl\/wpsma\/wp-json\/wp\/v2\/posts\/20926","targetHints":{"allow":["GET"]}}],"collection":[{"href":"https:\/\/www.sanmiguelarcangel.cl\/wpsma\/wp-json\/wp\/v2\/posts"}],"about":[{"href":"https:\/\/www.sanmiguelarcangel.cl\/wpsma\/wp-json\/wp\/v2\/types\/post"}],"author":[{"embeddable":true,"href":"https:\/\/www.sanmiguelarcangel.cl\/wpsma\/wp-json\/wp\/v2\/users\/2"}],"replies":[{"embeddable":true,"href":"https:\/\/www.sanmiguelarcangel.cl\/wpsma\/wp-json\/wp\/v2\/comments?post=20926"}],"version-history":[{"count":4,"href":"https:\/\/www.sanmiguelarcangel.cl\/wpsma\/wp-json\/wp\/v2\/posts\/20926\/revisions"}],"predecessor-version":[{"id":20930,"href":"https:\/\/www.sanmiguelarcangel.cl\/wpsma\/wp-json\/wp\/v2\/posts\/20926\/revisions\/20930"}],"wp:featuredmedia":[{"embeddable":true,"href":"https:\/\/www.sanmiguelarcangel.cl\/wpsma\/wp-json\/wp\/v2\/media\/20931"}],"wp:attachment":[{"href":"https:\/\/www.sanmiguelarcangel.cl\/wpsma\/wp-json\/wp\/v2\/media?parent=20926"}],"wp:term":[{"taxonomy":"category","embeddable":true,"href":"https:\/\/www.sanmiguelarcangel.cl\/wpsma\/wp-json\/wp\/v2\/categories?post=20926"},{"taxonomy":"post_tag","embeddable":true,"href":"https:\/\/www.sanmiguelarcangel.cl\/wpsma\/wp-json\/wp\/v2\/tags?post=20926"}],"curies":[{"name":"wp","href":"https:\/\/api.w.org\/{rel}","templated":true}]}}